{"id":3926,"__str__":"Lei Ordin\u00e1ria n\u00ba 2.959, de 15 de julho de 2019","link_detail_backend":"/norma/3926","metadata":{},"texto_integral":"http://sapl.cambe.pr.leg.br/media/sapl/public/normajuridica/2019/3926/2959.pdf","numero":"2959","ano":2019,"esfera_federacao":"M","data":"2019-07-15","data_publicacao":"2019-07-17","veiculo_publicacao":"JORNAL OFICIAL 614","pagina_inicio_publicacao":5,"pagina_fim_publicacao":null,"ementa":"ALTERA O \"ANEXO III\" E CRIA O \"ANEXO X\" \u00c0 LEI N\u00ba 2.531/2012, QUE DISP\u00d5E SOBRE A ESTRUTURA\u00c7\u00c3O DO PLANO DE CARGOS, CARREIRAS E VENCIMENTOS DOS SERVIDORES D ADMINISTRA\u00c7\u00c3O DIRETA, DE SUAS AUTARQUIAS E FUNDA\u00c7\u00d5ES MUNICIPAIS E D\u00c1 OUTRAS PROVID\u00caNCIAS.","indexacao":"","observacao":"","complemento":false,"data_vigencia":null,"timestamp":"2019-11-19T15:38:37.821863-03:00","data_ultima_atualizacao":"2019-11-19T15:38:37.993754-03:00","ip":"186.219.176.56","ultima_edicao":null,"tipo":2,"materia":5980,"orgao":null,"user":38,"assuntos":[],"autores":[]}