{"id":5031,"__str__":"Mo\u00e7\u00e3o Honrosa n\u00ba 8 de 2021 | Discuss\u00e3o \u00danica | 05/10/2021","link_detail_backend":"/materia/tramitacao/5031","metadata":{},"timestamp":"2021-10-05T19:46:52.973613-03:00","data_tramitacao":"2021-10-05","data_encaminhamento":"2021-10-05","urgente":false,"turno":"U","texto":"Mo\u00e7\u00e3o inclu\u00edda na Ordem do Dia da 29\u00aa Sess\u00e3o Ordin\u00e1ria.","data_fim_prazo":null,"ip":"189.34.117.106","ultima_edicao":"2021-10-05T19:46:02.675660-03:00","status":10,"materia":7118,"unidade_tramitacao_local":10,"unidade_tramitacao_destino":10,"user":44}