{"id":3300,"__str__":"Projeto de Lei Ordin\u00e1ria n\u00ba 22 de 2016 | Retirado de Pauta | 06/09/2016","link_detail_backend":"/materia/tramitacao/3300","metadata":{},"timestamp":"2018-09-19T15:04:22.165608-03:00","data_tramitacao":"2016-09-06","data_encaminhamento":null,"urgente":false,"turno":"S","texto":"PROJETO RETIRADO DE PAUTA POR 1 SEMANA NA 26\u00aa SESS\u00c3O ORDIN\u00c1RIA DO DIA 05/09/2016 EM QUEST\u00c3O DE ORDEM LEVANTADA PELO VEREADOR JUNIOR FELIX.","data_fim_prazo":null,"ip":"","ultima_edicao":null,"status":12,"materia":4647,"unidade_tramitacao_local":4,"unidade_tramitacao_destino":4,"user":null}