{"id":9032,"__str__":"Indica\u00e7\u00e3o n\u00ba 96 de 2026","link_detail_backend":"/materia/9032","metadata":{"signs":{"texto_original":{"admin":[],"autores":[["Consorcio de Inovacao Na Gestao Publica",["2026-04-06T16:38:20Z","ICP-Brasil - videoconferencia"]]]}}},"numero":96,"ano":2026,"numero_protocolo":null,"data_apresentacao":"2026-04-06","tipo_apresentacao":"E","data_publicacao":"2026-04-06","numero_origem_externa":"","ano_origem_externa":null,"data_origem_externa":null,"apelido":"","dias_prazo":null,"data_fim_prazo":null,"em_tramitacao":true,"polemica":false,"objeto":"","complementar":false,"ementa":"1.\tSolicito e renovo o encaminhado ao setor respons\u00e1vel a melhoria de toda sinaliza\u00e7\u00e3o de tr\u00e2nsito ao longo da extens\u00e3o da linha f\u00e9rrea que percorre nosso munic\u00edpio. Dessa forma, ser\u00e3o prevenidos acidentes envolvendo trens e outros meios de locomo\u00e7\u00e3o, garantindo maior seguran\u00e7a para a nossa popula\u00e7\u00e3o.\r\n2.\tAinda solicito que encaminhe ao setor respons\u00e1vel a realiza\u00e7\u00e3o da coleta de m\u00f3veis e materiais acumulados ao longo da Rua C\u00e9sar Moreschi, no Parque Residencial Ana Rosa. Moradores t\u00eam relatado grande ac\u00famulo de objetos, o que tem causado a prolifera\u00e7\u00e3o de insetos na regi\u00e3o.\r\n3.\tSolicito que seja encaminhado ao setor respons\u00e1vel para que estude a viabilidade da melhoria da ilumina\u00e7\u00e3o p\u00fablica no Parque Residencial Ana Rosa, especialmente nas imedia\u00e7\u00f5es da Avenida, Ant\u00f4nio Raminelli, nas proximidades da Rua Felipe Cort\u00eas. Moradores t\u00eam relatado inseguran\u00e7a devido \u00e0 baixa qualidade da ilumina\u00e7\u00e3o nesta regi\u00e3o.","indexacao":"","observacao":"","resultado":"","texto_original":"http://sapl.cambe.pr.leg.br/media/sapl/public/materialegislativa/2026/9032/sapl-pedido_indicacao_2026-96.pdf","data_ultima_atualizacao":"2026-04-06T13:43:33.294530-03:00","ip":"186.219.176.56","ultima_edicao":"2026-04-06T13:37:39.764260-03:00","tipo":3,"regime_tramitacao":1,"tipo_origem_externa":null,"local_origem_externa":null,"user":80,"anexadas":[],"autores":[69]}