{"id":8891,"__str__":"Edital de Convoca\u00e7\u00e3o n\u00ba 4 de 2021","link_detail_backend":"/materia/8891","metadata":{},"numero":4,"ano":2021,"numero_protocolo":null,"data_apresentacao":"2021-12-20","tipo_apresentacao":"E","data_publicacao":null,"numero_origem_externa":"","ano_origem_externa":null,"data_origem_externa":null,"apelido":"","dias_prazo":null,"data_fim_prazo":null,"em_tramitacao":false,"polemica":false,"objeto":"","complementar":false,"ementa":"Edital de Convoca\u00e7\u00e3o n. 04/2021, para a 1\u00aa Sess\u00e3o Extraordin\u00e1ria a ser realizada no dia  21.12.2021","indexacao":"","observacao":"Em segunda discuss\u00e3o e vota\u00e7\u00e3o:\r\na) Projeto de Lei n. 41/2021;\r\nb) Projeto de Lei n. 42/2021; e\r\nc) Projeto de Lei n. 43/2021.","resultado":"","texto_original":"http://sapl.cambe.pr.leg.br/media/sapl/public/materialegislativa/2021/8891/edital_de_convocacao_04_2021.pdf","data_ultima_atualizacao":"2025-12-31T20:31:03.248557-03:00","ip":"201.21.155.230","ultima_edicao":"2025-12-31T20:29:29.299382-03:00","tipo":24,"regime_tramitacao":2,"tipo_origem_externa":null,"local_origem_externa":null,"user":44,"anexadas":[],"autores":[]}