{"id":8614,"__str__":"Indica\u00e7\u00e3o n\u00ba 239 de 2025","link_detail_backend":"/materia/8614","metadata":{"signs":{"texto_original":{"admin":[],"autores":[["Nome do Assinante N\u00e3o Localizado.",["2025-08-04T15:13:45Z","Ciga"]]]}}},"numero":239,"ano":2025,"numero_protocolo":null,"data_apresentacao":"2025-08-04","tipo_apresentacao":"E","data_publicacao":null,"numero_origem_externa":"","ano_origem_externa":null,"data_origem_externa":null,"apelido":"","dias_prazo":null,"data_fim_prazo":null,"em_tramitacao":true,"polemica":false,"objeto":"","complementar":false,"ementa":"INDICATIVO DE PROJETO DE LEI, sugerindo ao Chefe do Poder Executivo o envio \u00e0 C\u00e2mara Municipal do Projeto de Lei anexo, que \u201cInstitui o controle da polui\u00e7\u00e3o sonora veicular no \u00e2mbito do Munic\u00edpio de Camb\u00e9 e d\u00e1 outras provid\u00eancias\u201d","indexacao":"","observacao":"","resultado":"","texto_original":"http://sapl.cambe.pr.leg.br/media/sapl/public/materialegislativa/2025/8614/sapl__indicacao239.pdf","data_ultima_atualizacao":"2025-08-04T12:17:16.990843-03:00","ip":"186.219.176.56","ultima_edicao":"2025-08-04T12:15:48.399782-03:00","tipo":3,"regime_tramitacao":1,"tipo_origem_externa":null,"local_origem_externa":null,"user":78,"anexadas":[],"autores":[68]}