{"id":8410,"__str__":"Indica\u00e7\u00e3o n\u00ba 86 de 2025","link_detail_backend":"/materia/8410","metadata":{"signs":{"texto_original":{"admin":[],"autores":[["Consorcio de Inovacao Na Gestao Publica",["2025-04-09T17:12:24Z","ICP-Brasil - videoconferencia"]]]}}},"numero":86,"ano":2025,"numero_protocolo":null,"data_apresentacao":"2025-04-07","tipo_apresentacao":"O","data_publicacao":null,"numero_origem_externa":"","ano_origem_externa":null,"data_origem_externa":null,"apelido":"","dias_prazo":null,"data_fim_prazo":null,"em_tramitacao":false,"polemica":false,"objeto":"","complementar":false,"ementa":"a)\tA Secretaria Municipal de Meio Ambiente, a revis\u00e3o e o replantio de mudas de \u00e1rvores nas seguintes vias: Avenida Pedro Viriato Parigot de Souza entre as Ruas Antonina e a Rua Esperan\u00e7a, e na Rua Oceano Pacifico e Mar Mediterr\u00e2neo, na Rua Vereador Arlete Marinelli, no Jardim \u00c1gua da Esperan\u00e7a e Alto da Colina;\r\nb)\tSecretaria de Obras, o cal\u00e7amento da horta do Jardim Novo Bandeirantes, na Rua Professor Bento Viana.","indexacao":"","observacao":"","resultado":"","texto_original":"http://sapl.cambe.pr.leg.br/media/sapl/public/materialegislativa/2025/8410/verbal_9a_sessao_patricia_assinado.pdf","data_ultima_atualizacao":"2025-04-09T14:15:24.824061-03:00","ip":"186.219.176.44","ultima_edicao":"2025-04-09T14:14:41.282664-03:00","tipo":3,"regime_tramitacao":1,"tipo_origem_externa":null,"local_origem_externa":null,"user":44,"anexadas":[],"autores":[72]}