{"id":7993,"__str__":"Requerimento n\u00ba 161 de 2023","link_detail_backend":"/materia/7993","metadata":{},"numero":161,"ano":2023,"numero_protocolo":219,"data_apresentacao":"2023-10-09","tipo_apresentacao":"","data_publicacao":null,"numero_origem_externa":"","ano_origem_externa":null,"data_origem_externa":null,"apelido":"","dias_prazo":null,"data_fim_prazo":null,"em_tramitacao":true,"polemica":false,"objeto":"","complementar":false,"ementa":"1.\tProvid\u00eancias quanto \u00e0 revitaliza\u00e7\u00e3o da Quadra Poliesportiva da Escola Municipal \u201cDom Pedro II\u201d, localizada no Km 09 da Estrada da Prata, uma vez que o espa\u00e7o est\u00e1 bastante deteriorado, necessitando de reformas para que os alunos tenham um espa\u00e7o apropriado para realiza\u00e7\u00e3o de suas atividades escolares.\r\n2.\tProvid\u00eancias quanto \u00e0 instala\u00e7\u00e3o de rede de ilumina\u00e7\u00e3o p\u00fablica na Rua Curitiba, no trecho compreendido entre a Rua Equador e a trincheira da linha f\u00e9rrea, trazendo mais seguran\u00e7a a motoristas e pedestres que transitam pelo local.\r\n3.\tProvid\u00eancias quanto \u00e0 realiza\u00e7\u00e3o de recape asf\u00e1ltico em toda a extens\u00e3o da Rua Vital Brasil, no Jardim Montecatini. Na impossibilidade, que seja realizado tapa buracos emergencial no local.\r\n4.\tProvid\u00eancias quanto \u00e0 constru\u00e7\u00e3o de faixas elevadas nas marginais da PR445, nas proximidades da passarela do Posto Trevo, uma vez que o intenso fluxo de ve\u00edculos dificulta a travessia de pedestres, trazendo grande risco de acidentes.","indexacao":"","observacao":"","resultado":"","texto_original":"http://sapl.cambe.pr.leg.br/media/sapl/public/materialegislativa/2023/7993/req_026_solicitacao_reforma_quadra_e_outros.pdf","data_ultima_atualizacao":"2023-10-09T14:42:31.673889-03:00","ip":"","ultima_edicao":null,"tipo":4,"regime_tramitacao":1,"tipo_origem_externa":null,"local_origem_externa":null,"user":null,"anexadas":[],"autores":[58]}