{"id":7908,"__str__":"Indica\u00e7\u00e3o n\u00ba 28 de 2023","link_detail_backend":"/materia/7908","metadata":{},"numero":28,"ano":2023,"numero_protocolo":175,"data_apresentacao":"2023-08-07","tipo_apresentacao":"","data_publicacao":null,"numero_origem_externa":"","ano_origem_externa":null,"data_origem_externa":null,"apelido":"","dias_prazo":null,"data_fim_prazo":null,"em_tramitacao":true,"polemica":false,"objeto":"","complementar":false,"ementa":"Requer o encaminhamento de expediente ao Prefeito Municipal, sugerindo a elabora\u00e7\u00e3o de legisla\u00e7\u00e3o a fim de instituir em todas as unidades da rede municipal de ensino, Colegiados Escolares de Gest\u00e3o Democr\u00e1tica, a exemplo do projeto elaborado e executado pela Cidade de Diadema, Estado de S\u00e3o Paulo.","indexacao":"","observacao":"","resultado":"","texto_original":"http://sapl.cambe.pr.leg.br/media/sapl/public/materialegislativa/2023/7908/ind_002_colegiados_escolares_de_gestao_democratica.pdf","data_ultima_atualizacao":"2023-08-07T14:43:31.276332-03:00","ip":"","ultima_edicao":null,"tipo":3,"regime_tramitacao":1,"tipo_origem_externa":null,"local_origem_externa":null,"user":null,"anexadas":[],"autores":[58]}