{"id":7781,"__str__":"Requerimento n\u00ba 45 de 2023","link_detail_backend":"/materia/7781","metadata":{},"numero":45,"ano":2023,"numero_protocolo":76,"data_apresentacao":"2023-04-03","tipo_apresentacao":"","data_publicacao":null,"numero_origem_externa":"","ano_origem_externa":null,"data_origem_externa":null,"apelido":"","dias_prazo":null,"data_fim_prazo":null,"em_tramitacao":true,"polemica":false,"objeto":"","complementar":false,"ementa":"1.\tReitero ao Executivo Municipal, para que determine ao \u00f3rg\u00e3o competente, que fa\u00e7a uma for\u00e7a tarefa para viabilizar a cobertura das Quadras Poliesportivas das Escolas Municipais que ainda n\u00e3o foram cobertas.\r\n\r\n2.\t\u00c0 pedido da comunidade, reitero ao Executivo Municipal, para que determine ao \u00f3rg\u00e3o competente, que viabilize a reforma do Centro Comunit\u00e1rio dos Jardins Josiane e Tupi.\r\n\r\n3.\t\u00c0 pedido da comunidade, reitero ao Executivo Municipal, para que determine ao \u00f3rg\u00e3o competente, que viabilize a reforma do Parquinho de Madeira, localizado na pra\u00e7a do Jardim Santo Ant\u00f4nio, haja vista, o mesmo est\u00e1 muito deteriorado impedindo a utiliza\u00e7\u00e3o pelas crian\u00e7as.","indexacao":"","observacao":"","resultado":"","texto_original":"http://sapl.cambe.pr.leg.br/media/sapl/public/materialegislativa/2023/7781/camscanner_04-03-2023_13.06_1.pdf","data_ultima_atualizacao":"2023-04-03T15:10:25.971549-03:00","ip":"","ultima_edicao":null,"tipo":4,"regime_tramitacao":1,"tipo_origem_externa":null,"local_origem_externa":null,"user":null,"anexadas":[],"autores":[64]}