{"id":7684,"__str__":"Requerimento n\u00ba 233 de 2022","link_detail_backend":"/materia/7684","metadata":{},"numero":233,"ano":2022,"numero_protocolo":313,"data_apresentacao":"2022-12-19","tipo_apresentacao":"","data_publicacao":null,"numero_origem_externa":"","ano_origem_externa":null,"data_origem_externa":null,"apelido":"","dias_prazo":null,"data_fim_prazo":null,"em_tramitacao":true,"polemica":false,"objeto":"","complementar":false,"ementa":"1.\tReitero a solicita\u00e7\u00e3o de readequa\u00e7\u00e3o vi\u00e1ria, bem como a constru\u00e7\u00e3o de uma faixa elevada para pedestres na Rua da Esperan\u00e7a, no trecho compreendido entre a conflu\u00eancia das Ruas Santo Cassaro e Parano\u00e1, no Jardim Alvorada, pois, por tratar-se de local onde h\u00e1 com\u00e9rcio e parada para \u00f4nibus, o tr\u00e1fego de ve\u00edculos e pedestres torna-se intenso, ocasionando riscos de acidentes. Na impossibilidade da realiza\u00e7\u00e3o do servi\u00e7o acima solicitado, pe\u00e7o ao menos que seja feita a repintura das faixas de pedestres existentes, com a finalidade de amenizar, temporariamente, o problema causado pela falta de equipamento de seguran\u00e7a adequados.\r\n2.\tReitero a solicita\u00e7\u00e3o de provid\u00eancias quanto a reconstru\u00e7\u00e3o do muro no entorno da Horta Comunit\u00e1ria do Conjunto Camb\u00e9 III, uma vez que o muro j\u00e1 existente cedeu, encontrando-se escorado com madeiras, causando risco aos frequentadores do local.\r\n3.\tReitero a solicita\u00e7\u00e3o de reforma do alambrado que cerca a Mata dos Escoteiros, localizada no Camb\u00e9 II, uma vez que os palanques de cimento encontram-se quebrados, permitindo o acesso de pessoas e animais \u00e0 mata.\r\n4.\tReitero o pedido de provid\u00eancias quanto \u00e0 adequa\u00e7\u00e3o do passeio p\u00fablico localizado no entorno da Mata dos Escoteiros \u2013 Rua Planalto, entre as Ruas da Catedral e Asa Norte, no Camb\u00e9 II, no que tange \u00e0 manuten\u00e7\u00e3o e nivelamento da cal\u00e7ada, bem como instala\u00e7\u00e3o de equipamentos de acessibilidade para pessoas com defici\u00eancia, uma vez que deficientes visuais e idosos utilizam-se do local para caminhar e a falta de equipamentos e as m\u00e1s condi\u00e7\u00f5es da via p\u00fablica v\u00eam provocando acidentes.\r\n5.\tReitero a solicita\u00e7\u00e3o para a reconstru\u00e7\u00e3o do alambrado da Horta Comunit\u00e1ria do Jardim Ana Rosa, que foi danificado por um acidente de tr\u00e2nsito ocorrido com um caminh\u00e3o no in\u00edcio do segundo semestre de 2020, e que at\u00e9 hoje n\u00e3o foi consertado, o que permite a invas\u00e3o do espa\u00e7o p\u00fablico por indiv\u00edduos estranhos ao programa e o furto dos produtos cultivados e equipamentos.","indexacao":"","observacao":"","resultado":"","texto_original":"http://sapl.cambe.pr.leg.br/media/sapl/public/materialegislativa/2022/7684/req_037_solicitacao_faixa_elevada_e_outros.pdf","data_ultima_atualizacao":"2022-12-19T14:09:25.163757-03:00","ip":"","ultima_edicao":null,"tipo":4,"regime_tramitacao":1,"tipo_origem_externa":null,"local_origem_externa":null,"user":null,"anexadas":[],"autores":[58]}