{"id":7577,"__str__":"Requerimento n\u00ba 168 de 2022","link_detail_backend":"/materia/7577","metadata":{},"numero":168,"ano":2022,"numero_protocolo":231,"data_apresentacao":"2022-09-12","tipo_apresentacao":"","data_publicacao":null,"numero_origem_externa":"","ano_origem_externa":null,"data_origem_externa":null,"apelido":"","dias_prazo":null,"data_fim_prazo":null,"em_tramitacao":true,"polemica":false,"objeto":"","complementar":false,"ementa":"1.\tA pedido da comunidade, solicito ao Executivo Municipal, que determine ao \u00f3rg\u00e3o competente, a limpeza dos bueiros da regi\u00e3o central de Camb\u00e9, especialmente ao bueiro localizado na rua da B\u00e9lgica, esquina com a rua Fran\u00e7a, em frente a antiga Guarda Mirim de Camb\u00e9, pois o mesmo se encontra totalmente entupido, causando grandes transtornos aos moradores.\r\n\r\n2.\tA pedido da comunidade, reitero ao Executivo Municipal, o recape asf\u00e1ltico com CBUQ, em todas as ruas e avenida do Jardim Boa Vista e Andaluzia.\r\n\r\n3.\tA pedido da Comunidade, reitero ao Executivo Municipal, que determine ao \u00f3rg\u00e3o competente, a amplia\u00e7\u00e3o da rede de esgoto da Avenida Louren\u00e7o Fadel, pois a mesma foi feita somente at\u00e9 a metade da Avenida, causando grandes transtornos a comunidade do Jardim Boa Vista e Andaluzia.","indexacao":"","observacao":"","resultado":"","texto_original":"http://sapl.cambe.pr.leg.br/media/sapl/public/materialegislativa/2022/7577/requerimentos_30.pdf","data_ultima_atualizacao":"2022-09-12T09:44:23.806486-03:00","ip":"","ultima_edicao":null,"tipo":4,"regime_tramitacao":1,"tipo_origem_externa":null,"local_origem_externa":null,"user":null,"anexadas":[],"autores":[64]}