{"id":7430,"__str__":"Pedido de Informa\u00e7\u00e3o n\u00ba 27 de 2022","link_detail_backend":"/materia/7430","metadata":{},"numero":27,"ano":2022,"numero_protocolo":116,"data_apresentacao":"2022-05-04","tipo_apresentacao":"","data_publicacao":null,"numero_origem_externa":"","ano_origem_externa":null,"data_origem_externa":null,"apelido":"","dias_prazo":null,"data_fim_prazo":null,"em_tramitacao":true,"polemica":false,"objeto":"","complementar":false,"ementa":"Considerando a Lei Federal N\u00ba10.098/2000, que disp\u00f5e sobre o Projeto\r\nCal\u00e7ada Cidad\u00e3, que nasceu para tornar as vias p\u00fablicas livres de perigos como, desn\u00edveis, pisos soltos, buracos e ra\u00edzes de \u00e1rvores expostas, aplanando-as, padronizando-as e tornando-as mais seguras para crian\u00e7as, idosos e pessoas com defici\u00eancia f\u00edsica e visual que podem caminhar sem preocupa\u00e7\u00e3o.\r\n\tDiante do exposto, solicito ao Executivo Municipal a seguinte informa\u00e7\u00e3o:\r\n\r\n\r\n1.\tExiste algum Projeto para transformar o Cal\u00e7ad\u00e3o de Camb\u00e9, que hoje \u00e9 revestido por Piso Petit Pavet em Cal\u00e7ada Cidad\u00e3? Se sim, emitir 1 (uma) c\u00f3pia do Projeto.","indexacao":"","observacao":"","resultado":"","texto_original":"http://sapl.cambe.pr.leg.br/media/sapl/public/materialegislativa/2022/7430/pedido_de_informacao_no12_-_2022.pdf","data_ultima_atualizacao":"2022-05-04T16:36:51.618759-03:00","ip":"","ultima_edicao":null,"tipo":5,"regime_tramitacao":1,"tipo_origem_externa":null,"local_origem_externa":null,"user":null,"anexadas":[],"autores":[64]}