{"id":7281,"__str__":"Pedido de Informa\u00e7\u00e3o n\u00ba 128 de 2021","link_detail_backend":"/materia/7281","metadata":{},"numero":128,"ano":2021,"numero_protocolo":460,"data_apresentacao":"2021-12-20","tipo_apresentacao":"","data_publicacao":null,"numero_origem_externa":"","ano_origem_externa":null,"data_origem_externa":null,"apelido":"","dias_prazo":null,"data_fim_prazo":null,"em_tramitacao":true,"polemica":false,"objeto":"","complementar":false,"ementa":"Considerando que a Cl\u00ednica da Mulher e da Crian\u00e7a do Jardim Ana Rosa, foi desativada em fun\u00e7\u00e3o do per\u00edodo pand\u00eamico e n\u00e3o reabriu at\u00e9 hoje, sendo assim, \u00e0 pedido da comunidade, este Vereador REQUER as seguintes informa\u00e7\u00f5es:\r\n\r\n\r\n1.\tQual a previs\u00e3o para a reabertura da mesma?\r\n\r\n2.\tQuais os trabalhos que ser\u00e3o desenvolvidos pelos profissionais da Cl\u00ednica?\r\n\r\n3.\tJ\u00e1 tem as equipes montadas para os atendimentos \u00e0 comunidade?","indexacao":"","observacao":"","resultado":"","texto_original":"http://sapl.cambe.pr.leg.br/media/sapl/public/materialegislativa/2021/7281/pedido_de_informacao_no37.docx","data_ultima_atualizacao":"2021-12-20T14:39:10.547428-03:00","ip":"","ultima_edicao":null,"tipo":5,"regime_tramitacao":1,"tipo_origem_externa":null,"local_origem_externa":null,"user":null,"anexadas":[],"autores":[64]}