{"id":7273,"__str__":"Requerimento n\u00ba 303 de 2021","link_detail_backend":"/materia/7273","metadata":{},"numero":303,"ano":2021,"numero_protocolo":453,"data_apresentacao":"2021-12-13","tipo_apresentacao":"","data_publicacao":null,"numero_origem_externa":"","ano_origem_externa":null,"data_origem_externa":null,"apelido":"","dias_prazo":null,"data_fim_prazo":null,"em_tramitacao":true,"polemica":false,"objeto":"","complementar":false,"ementa":"C\u00e2mara Municipal de Camb\u00e9\r\nEstado do Paran\u00e1\r\n               Gabinete Vereador \u2013 Lucas Mil Grau\r\n               18\u00ba Legislatura 2021/2024\r\n\r\nREQUERIMENTO EM SESS\u00c3O \u2013 N.\u00ba  101/2021 (interno do gabinete)\r\n\r\n36\u00aa SESS\u00c3O ORDIN\u00c1RIA\r\n\r\nExmo. Sr. Presidente da C\u00e2mara Municipal de Camb\u00e9, Estado do Paran\u00e1, este vereador que ao final subscreve, no uso das atribui\u00e7\u00f5es e poderes lhe conferidos na condi\u00e7\u00e3o de vereador, vem, respeitosamente, requerer seja encaminhado ao I. Prefeito as seguintes reivindica\u00e7\u00f5es: \r\n\r\n1.\tRequer aten\u00e7\u00e3o especial ao bairro Jardim Europa 1, para que a Prefeitura providencie a coloca\u00e7\u00e3o de placas com os nomes e c\u00f3digos postais das Ruas; fiscaliza\u00e7\u00e3o e aplica\u00e7\u00e3o das penalidades cab\u00edveis em terrenos com mato alto, bem como solicito que a prefeitura proceda a poda e ro\u00e7agem destes terrenos, cobrando posteriormente do propriet\u00e1rio. Por fim, solicito ainda que a prefeitura providencie outra sa\u00edda para o bairro, pois de extrema necessidade dos moradores.  \r\n\r\nSem mais para o momento e certo de ser atendido, desde j\u00e1 agrade\u00e7o.\r\n\r\nAtenciosamente, \r\nCamb\u00e9, 13 de dezembro de 2021.\r\n\r\n\r\n\r\nLUCAS MIL GRAU\r\nVEREADOR","indexacao":"","observacao":"","resultado":"","texto_original":"http://sapl.cambe.pr.leg.br/media/sapl/public/materialegislativa/2021/7273/requerimento_em_sessao_-_36_sessao.pdf","data_ultima_atualizacao":"2021-12-13T15:56:12.032089-03:00","ip":"","ultima_edicao":null,"tipo":4,"regime_tramitacao":1,"tipo_origem_externa":null,"local_origem_externa":null,"user":null,"anexadas":[],"autores":[57]}