{"id":7272,"__str__":"Requerimento n\u00ba 302 de 2021","link_detail_backend":"/materia/7272","metadata":{},"numero":302,"ano":2021,"numero_protocolo":452,"data_apresentacao":"2021-12-13","tipo_apresentacao":"","data_publicacao":null,"numero_origem_externa":"","ano_origem_externa":null,"data_origem_externa":null,"apelido":"","dias_prazo":null,"data_fim_prazo":null,"em_tramitacao":true,"polemica":false,"objeto":"","complementar":false,"ementa":"1\u00ba Solicito a instala\u00e7\u00e3o de bueiros na rua Floriano Bento Viana, durante a chuva a \u00e1gua n\u00e3o tem por onde escoar;\r\n2\u00ba Solicito a constru\u00e7\u00e3o da cal\u00e7ada da rua Floriano Bento Viana, a cal\u00e7ada da Horta Comunit\u00e1ria que impede totalmente a passagem de pedestres;\r\n3\u00b0 Solicito recape asf\u00e1ltico na rua Jo\u00e3o Baptista Carletto no Jd. Novo Bandeirantes que est\u00e1 extremamente esburacada;\r\n4\u00b0 Solicito a limpeza de um bueiro totalmente entupido, na Rua Garcia Rodrigues Paes em frente ao n\u00famero 832, a \u00e1gua n\u00e3o tem por onde escoar;\r\n5\u00ba Solicito a instala\u00e7\u00e3o de l\u00e2mpadas de led na Rua Amadeu Jos\u00e9 de Souza para levar mais seguran\u00e7a aos moradores.","indexacao":"","observacao":"","resultado":"","texto_original":"http://sapl.cambe.pr.leg.br/media/sapl/public/materialegislativa/2021/7272/requerimento_36.docx","data_ultima_atualizacao":"2021-12-13T15:52:57.407830-03:00","ip":"","ultima_edicao":null,"tipo":4,"regime_tramitacao":1,"tipo_origem_externa":null,"local_origem_externa":null,"user":null,"anexadas":[],"autores":[55]}