{"id":7204,"__str__":"Requerimento n\u00ba 277 de 2021","link_detail_backend":"/materia/7204","metadata":{},"numero":277,"ano":2021,"numero_protocolo":393,"data_apresentacao":"2021-11-22","tipo_apresentacao":"","data_publicacao":null,"numero_origem_externa":"","ano_origem_externa":null,"data_origem_externa":null,"apelido":"","dias_prazo":null,"data_fim_prazo":null,"em_tramitacao":true,"polemica":false,"objeto":"","complementar":false,"ementa":"1.\tSolicito ao Executivo Municipal, para que determine ao \u00f3rg\u00e3o competente, a cobertura das quadras do Conjunto Castelo Branco e da Escola Municipal Padre Symphoriano Kopf.\r\n\r\n2.\tSolicito ao Executivo Municipal, para que estude a possibilidade de se colocar Raspa Asf\u00e1ltica na Rua Jan Ramesik, tendo em vista que mesmo sendo uma propriedade particular, est\u00e1 desafogando o tr\u00e2nsito da Avenida Esperan\u00e7a, pois \u00e9 muito utilizada pelas comunidades dos Jardins S\u00e3o Paulo e Boa Vista e Santo Amaro.","indexacao":"","observacao":"","resultado":"","texto_original":"http://sapl.cambe.pr.leg.br/media/sapl/public/materialegislativa/2021/7204/requerimentos_22-11-2021_28.docx","data_ultima_atualizacao":"2021-11-22T14:38:56.697220-03:00","ip":"","ultima_edicao":null,"tipo":4,"regime_tramitacao":1,"tipo_origem_externa":null,"local_origem_externa":null,"user":null,"anexadas":[],"autores":[64]}