{"id":7180,"__str__":"Projeto de Lei Ordin\u00e1ria n\u00ba 38 de 2021","link_detail_backend":"/materia/7180","metadata":{},"numero":38,"ano":2021,"numero_protocolo":null,"data_apresentacao":"2021-11-04","tipo_apresentacao":"E","data_publicacao":null,"numero_origem_externa":"","ano_origem_externa":null,"data_origem_externa":null,"apelido":"","dias_prazo":null,"data_fim_prazo":null,"em_tramitacao":false,"polemica":false,"objeto":"","complementar":false,"ementa":"Disp\u00f5e sobre a denomina\u00e7\u00e3o do Sal\u00e3o Comunit\u00e1rio do Conjunto Dr. Jos\u00e9 dos Santos Rocha.","indexacao":"","observacao":"","resultado":"","texto_original":"http://sapl.cambe.pr.leg.br/media/sapl/public/materialegislativa/2021/7180/4736_-_pl_38-2021_denominacao_do_salao_comunitario_conj._dr._jose_dos_santos_rocha.pdf","data_ultima_atualizacao":"2021-12-16T16:31:44.960658-03:00","ip":"186.219.176.56","ultima_edicao":"2021-11-04T17:32:30.402427-03:00","tipo":2,"regime_tramitacao":1,"tipo_origem_externa":null,"local_origem_externa":null,"user":57,"anexadas":[],"autores":[11]}