{"id":7131,"__str__":"Pedido de Informa\u00e7\u00e3o n\u00ba 77 de 2021","link_detail_backend":"/materia/7131","metadata":{},"numero":77,"ano":2021,"numero_protocolo":339,"data_apresentacao":"2021-10-18","tipo_apresentacao":"","data_publicacao":null,"numero_origem_externa":"","ano_origem_externa":null,"data_origem_externa":null,"apelido":"","dias_prazo":null,"data_fim_prazo":null,"em_tramitacao":false,"polemica":false,"objeto":"","complementar":false,"ementa":"Situa\u00e7\u00e3o do requerimento sobre a faixa de pedestres na Rua Curitiba, em frente ao n\u00b0 727, nas imedia\u00e7\u00f5es ao Ponto de \u00d4nibus pr\u00f3ximo ao quebra-molas que ali existe, que d\u00e1 acesso ao Jardim S\u00e3o Francisco, requerido por of\u00edcio no dia 01/06/2021 com o n\u00b0 244/2021","indexacao":"","observacao":"","resultado":"","texto_original":"http://sapl.cambe.pr.leg.br/media/sapl/public/materialegislativa/2021/7131/pedido_de_informacao_12__-_faixa_de_pedestres_r._curitiba.docx","data_ultima_atualizacao":"2021-10-21T21:04:50.287173-03:00","ip":"","ultima_edicao":null,"tipo":5,"regime_tramitacao":1,"tipo_origem_externa":null,"local_origem_externa":null,"user":null,"anexadas":[],"autores":[56]}