{"id":7095,"__str__":"Requerimento n\u00ba 235 de 2021","link_detail_backend":"/materia/7095","metadata":{},"numero":235,"ano":2021,"numero_protocolo":312,"data_apresentacao":"2021-09-27","tipo_apresentacao":"","data_publicacao":null,"numero_origem_externa":"","ano_origem_externa":null,"data_origem_externa":null,"apelido":"","dias_prazo":null,"data_fim_prazo":null,"em_tramitacao":true,"polemica":false,"objeto":"","complementar":false,"ementa":"REQUERIMENTO EM SESS\u00c3O\r\n27\u00aa SESS\u00c3O ORDIN\u00c1RIA\r\n\r\nReq. 84/2021 \u2013 Controle Interno\r\n\r\nExmo. Sr. Presidente da C\u00e2mara Municipal de Camb\u00e9, Estado do Paran\u00e1, este vereador que ao final subscreve, no uso das atribui\u00e7\u00f5es e poderes lhe conferidos na condi\u00e7\u00e3o de vereador, vem, respeitosamente, requerer seja encaminhado ao I. Prefeito as seguintes reivindica\u00e7\u00f5es, para que tome as provid\u00eancias necess\u00e1rias: \r\n \r\n\r\n1.\tRequer, novamente a aten\u00e7\u00e3o especial para o Jardim Boa Vista, visto que j\u00e1 foi realizado v\u00e1rios requerimentos. A popula\u00e7\u00e3o local precisa urgente que seja feito o recape asf\u00e1ltico em todo bairro, e que seja tomada medidas efetivas sobre o esgoto que passa entre o posto de combust\u00edvel e o come\u00e7o do Jardim Boa vista;\r\n\r\n2.\tRequer, novamente, aten\u00e7\u00e3o especial para o Jardim Morumbi, atr\u00e1s no Posto Opala, onde ainda n\u00e3o tem rede de esgoto; \r\n\r\n3.\tReitero e solicito a prefeitura, ro\u00e7agem de matos dos terrenos p\u00fablicos e agilizar a fiscaliza\u00e7\u00e3o nos terrenos privados. \r\n\r\n\r\nSem mais para o momento e certo de ser atendido, desde j\u00e1 agrade\u00e7o\r\n\r\nAtenciosamente, \r\n \r\n\r\nCamb\u00e9, 27 de setembro de 2021.","indexacao":"","observacao":"","resultado":"","texto_original":"http://sapl.cambe.pr.leg.br/media/sapl/public/materialegislativa/2021/7095/requerimento_em_sessao_-_sessao_27-21.docx","data_ultima_atualizacao":"2021-09-27T15:27:38.389181-03:00","ip":"","ultima_edicao":null,"tipo":4,"regime_tramitacao":1,"tipo_origem_externa":null,"local_origem_externa":null,"user":null,"anexadas":[],"autores":[57]}