{"id":7088,"__str__":"Requerimento n\u00ba 231 de 2021","link_detail_backend":"/materia/7088","metadata":{},"numero":231,"ano":2021,"numero_protocolo":305,"data_apresentacao":"2021-09-27","tipo_apresentacao":"","data_publicacao":null,"numero_origem_externa":"","ano_origem_externa":null,"data_origem_externa":null,"apelido":"","dias_prazo":null,"data_fim_prazo":null,"em_tramitacao":true,"polemica":false,"objeto":"","complementar":false,"ementa":"Requerimento - Apedido da Comunidade, em virtude do tr\u00e2nsito ca\u00f3tico em hor\u00e1rios de pico de entradas e sa\u00eddas do Col\u00e9gio Nossa Senhora Auxiliadora \u2013 INSA de Camb\u00e9, solicito ao Senhor Prefeito Municipal, que determine ao \u00d3rg\u00e3o competente, a instala\u00e7\u00e3o de 2 faixas elevadas, sendo; 1 na entrada principal da Rua Par\u00e1 e a outra na entrada da Educa\u00e7\u00e3o Infantil - Pr\u00e9 escola, na Rua Nossa Senhora de Rocio.","indexacao":"","observacao":"","resultado":"","texto_original":"http://sapl.cambe.pr.leg.br/media/sapl/public/materialegislativa/2021/7088/requerimento_16.docx","data_ultima_atualizacao":"2021-09-27T15:14:01.230617-03:00","ip":"","ultima_edicao":null,"tipo":4,"regime_tramitacao":1,"tipo_origem_externa":null,"local_origem_externa":null,"user":null,"anexadas":[],"autores":[64]}