{"id":7041,"__str__":"Requerimento n\u00ba 201 de 2021","link_detail_backend":"/materia/7041","metadata":{},"numero":201,"ano":2021,"numero_protocolo":264,"data_apresentacao":"2021-08-30","tipo_apresentacao":"","data_publicacao":null,"numero_origem_externa":"","ano_origem_externa":null,"data_origem_externa":null,"apelido":"","dias_prazo":null,"data_fim_prazo":null,"em_tramitacao":true,"polemica":false,"objeto":"","complementar":false,"ementa":"Provid\u00eancias quanto \u00e0 reforma e amplia\u00e7\u00e3o do Centro Comunit\u00e1rio do Jardim Tupi, localizado na Rua Tupinamb\u00e1s, uma vez que o local apresenta condi\u00e7\u00f5es prec\u00e1rias, dificultando o uso pela comunidade; Provid\u00eancias quanto \u00e0 adequa\u00e7\u00e3o vi\u00e1ria na conflu\u00eancia das Ruas: Jo\u00e3o Garla, Jos\u00e9 Leopoldino Rossi e Jo\u00e3o Andr\u00e9, na Vila Santana, no que tange \u00e0 constru\u00e7\u00e3o de rotat\u00f3ria e sinaliza\u00e7\u00e3o vi\u00e1ria tanto vertical quanto horizontal; Provid\u00eancias quanto \u00e0 revitaliza\u00e7\u00e3o da Pra\u00e7a da Amizade, localizada na Rua Chile, entre as Ruas do Imp\u00e9rio e dos Imigrantes, no Jardim Alvorada, a fim de propiciar melhorias na ilumina\u00e7\u00e3o p\u00fablica do local, bem como oferecer uma \u00e1rea de lazer adequada para a popula\u00e7\u00e3o; Provid\u00eancias quanto \u00e0 revitaliza\u00e7\u00e3o do espa\u00e7o p\u00fablico localizado na Rua Santo Cassaro, entre as Ruas Itamaray e Ermida, com a coloca\u00e7\u00e3o de bancos, paisagismo, poda de levante das \u00e1rvores existentes e melhorias na ilumina\u00e7\u00e3o p\u00fablica local, a fim de oferecer uma op\u00e7\u00e3o de lazer para a popula\u00e7\u00e3o da regi\u00e3o.","indexacao":"","observacao":"","resultado":"","texto_original":"http://sapl.cambe.pr.leg.br/media/sapl/public/materialegislativa/2021/7041/req_024_solicitacao_reforma_centro_comunitario_e_outros.pdf","data_ultima_atualizacao":"2021-08-30T13:31:00.413393-03:00","ip":"","ultima_edicao":null,"tipo":4,"regime_tramitacao":1,"tipo_origem_externa":null,"local_origem_externa":null,"user":null,"anexadas":[],"autores":[58]}