{"id":7022,"__str__":"Requerimento n\u00ba 183 de 2021","link_detail_backend":"/materia/7022","metadata":{},"numero":183,"ano":2021,"numero_protocolo":245,"data_apresentacao":"2021-08-16","tipo_apresentacao":"","data_publicacao":null,"numero_origem_externa":"","ano_origem_externa":null,"data_origem_externa":null,"apelido":"","dias_prazo":null,"data_fim_prazo":null,"em_tramitacao":true,"polemica":false,"objeto":"","complementar":false,"ementa":"Provid\u00eancias quanto \u00e0 realiza\u00e7\u00e3o de pintura e sinaliza\u00e7\u00e3o vi\u00e1ria, bem como coloca\u00e7\u00e3o de redutores de velocidade, na Avenida Roberto Concei\u00e7\u00e3o, pr\u00f3ximo ao n\u00famero 1072-H, uma vez que trata-se de \u00e1rea escolar com tr\u00e2nsito intenso de ve\u00edculos e pedestres;\tProvid\u00eancias quanto a revitaliza\u00e7\u00e3o da \u00e1rea p\u00fablica localizada entre as Ruas Asa Sul e Nacional, no Jardim Casa Grande, por meio da constru\u00e7\u00e3o de cal\u00e7adas em todo o entorno do terreno; implanta\u00e7\u00e3o de academia ao ar livre; plantio de \u00e1rvores novas e podas de levante das \u00e1rvores j\u00e1 existentes; bem como paisagismo do local, pois em per\u00edodos chuvosos a falta de passeio p\u00fablico faz com que a lama invada a rua e as cal\u00e7adas vizinhas, causando transtornos a moradores pr\u00f3ximos e pedestres.","indexacao":"","observacao":"","resultado":"","texto_original":"http://sapl.cambe.pr.leg.br/media/sapl/public/materialegislativa/2021/7022/req_022_solicitacao_adequacao_viaria_e_outros.pdf","data_ultima_atualizacao":"2021-08-16T15:01:52.452656-03:00","ip":"","ultima_edicao":null,"tipo":4,"regime_tramitacao":1,"tipo_origem_externa":null,"local_origem_externa":null,"user":null,"anexadas":[],"autores":[58]}