{"id":6995,"__str__":"Projeto de Lei Ordin\u00e1ria n\u00ba 20 de 2021","link_detail_backend":"/materia/6995","metadata":{},"numero":20,"ano":2021,"numero_protocolo":null,"data_apresentacao":"2021-07-29","tipo_apresentacao":"E","data_publicacao":null,"numero_origem_externa":"","ano_origem_externa":null,"data_origem_externa":null,"apelido":"","dias_prazo":null,"data_fim_prazo":null,"em_tramitacao":false,"polemica":false,"objeto":"","complementar":false,"ementa":"Cria o cargo efetivo de Carpinteiro e altera o \"Anexo X\" da Lei Municipal n\u00b0 2.531/2012, que disp\u00f5e sobre a Estrutura\u00e7\u00e3o do Plano de Cargos, Carreiras e Vencimentos dos Servidores da Administra\u00e7\u00e3o Direta, de suas Autarquias e Funda\u00e7\u00f5es Municipais e d\u00e1 outras provid\u00eancias","indexacao":"","observacao":"","resultado":"","texto_original":"http://sapl.cambe.pr.leg.br/media/sapl/public/materialegislativa/2021/6995/4213_-_projeto_de_lei_20-2021.pdf","data_ultima_atualizacao":"2021-10-05T12:46:21.310099-03:00","ip":"186.219.176.56","ultima_edicao":"2021-09-27T15:04:54.141834-03:00","tipo":2,"regime_tramitacao":1,"tipo_origem_externa":null,"local_origem_externa":null,"user":57,"anexadas":[],"autores":[11]}