{"id":6947,"__str__":"Pedido de Informa\u00e7\u00e3o n\u00ba 34 de 2021","link_detail_backend":"/materia/6947","metadata":{},"numero":34,"ano":2021,"numero_protocolo":177,"data_apresentacao":"2021-06-21","tipo_apresentacao":"","data_publicacao":null,"numero_origem_externa":"","ano_origem_externa":null,"data_origem_externa":null,"apelido":"","dias_prazo":null,"data_fim_prazo":null,"em_tramitacao":true,"polemica":false,"objeto":"","complementar":false,"ementa":"Em aten\u00e7\u00e3o ao Art. 59, XIV, da Lei Org\u00e2nica do Munic\u00edpio, o qual determina ser compet\u00eancia do Prefeito Municipal \u201cprestar \u00e0 C\u00e2mara, dentro de trinta dias, as informa\u00e7\u00f5es pela mesma solicitadas, salvo, prorroga\u00e7\u00e3o a seu pedido e por prazo determinado, em face de complexidade da mat\u00e9ria ou da dificuldade de obten\u00e7\u00e3o dos dados pleiteados\u201d, considerando que foi encaminhado ao Executivo Municipal Pedido de Informa\u00e7\u00e3o sob o n\u00ba 17/2021, datado de 13 de Abril de 2021, ao qual, at\u00e9 o presente momento, n\u00e3o se obteve resposta, reitero o pedido para que o Prefeito Municipal informe: \r\na)\tQuais os valores arrecadados a t\u00edtulo de COSIP, no per\u00edodo compreendido entre os anos de 2018 a 2020? Especificar a arrecada\u00e7\u00e3o mensal.\r\nb)\tQual a destina\u00e7\u00e3o dada aos valores arrecadados? Especifique.\r\nc)\tQuais as ruas e bairros que tiveram a ilumina\u00e7\u00e3o p\u00fablica com l\u00e2mpadas de merc\u00fario substitu\u00eddas por l\u00e2mpadas de LED?\r\nd)\tQual o cronograma para a substitui\u00e7\u00e3o da ilumina\u00e7\u00e3o de merc\u00fario por Led? Especificar os locais e as datas previstas.\r\ne)\tQuantas l\u00e2mpadas de merc\u00fario foram substitu\u00eddas, mensalmente, em nosso Munic\u00edpio no per\u00edodo de 2018 a 2020?","indexacao":"","observacao":"","resultado":"","texto_original":"http://sapl.cambe.pr.leg.br/media/sapl/public/materialegislativa/2021/6947/pedido_info_007_cosip_reiterado.pdf","data_ultima_atualizacao":"2021-06-21T17:09:25.668303-03:00","ip":"","ultima_edicao":null,"tipo":5,"regime_tramitacao":1,"tipo_origem_externa":null,"local_origem_externa":null,"user":null,"anexadas":[],"autores":[58]}