{"id":6927,"__str__":"Requerimento n\u00ba 123 de 2021","link_detail_backend":"/materia/6927","metadata":{},"numero":123,"ano":2021,"numero_protocolo":159,"data_apresentacao":"2021-05-31","tipo_apresentacao":"","data_publicacao":null,"numero_origem_externa":"","ano_origem_externa":null,"data_origem_externa":null,"apelido":"","dias_prazo":null,"data_fim_prazo":null,"em_tramitacao":true,"polemica":false,"objeto":"","complementar":false,"ementa":"Provid\u00eancias quanto \u00e0 troca das l\u00e2mpadas de merc\u00fario por l\u00e2mpadas de led, em toda extens\u00e3o dos Jardins Esperan\u00e7a e Bela Vista, uma vez que as ruas encontram-se muito escuras, trazendo inseguran\u00e7a aos moradores; Provid\u00eancias quanto ao recolhimento de galhos em toda a extens\u00e3o da Avenida Fabiano Dias Vector, no Conjunto de Ch\u00e1caras de Santa Maria.","indexacao":"","observacao":"","resultado":"","texto_original":"http://sapl.cambe.pr.leg.br/media/sapl/public/materialegislativa/2021/6927/req_014_solicitacao_troca_de_iluminacao_e_outro.pdf","data_ultima_atualizacao":"2021-05-31T15:39:58.040929-03:00","ip":"","ultima_edicao":null,"tipo":4,"regime_tramitacao":1,"tipo_origem_externa":null,"local_origem_externa":null,"user":null,"anexadas":[],"autores":[58]}