{"id":6913,"__str__":"Requerimento n\u00ba 112 de 2021","link_detail_backend":"/materia/6913","metadata":{},"numero":112,"ano":2021,"numero_protocolo":146,"data_apresentacao":"2021-05-24","tipo_apresentacao":"","data_publicacao":null,"numero_origem_externa":"","ano_origem_externa":null,"data_origem_externa":null,"apelido":"","dias_prazo":null,"data_fim_prazo":null,"em_tramitacao":true,"polemica":false,"objeto":"","complementar":false,"ementa":"O Vereador que subscreve, usando das atribui\u00e7\u00f5es que lhe s\u00e3o conferidas pelo Regimento Interno desta Casa, requer o encaminhamento de expediente ao Senhor Prefeito Municipal, fazendo as seguintes reivindica\u00e7\u00f5es:\r\n\r\n\r\n1.- Requer, a implementa\u00e7\u00e3o da malha asf\u00e1ltica no Conjunto de Ch\u00e1caras Santa Maria; \r\n\r\n2.- Requer, a implementa\u00e7\u00e3o/aumento de lixeiras nas pistas de caminhadas; \r\n\r\n3.- Requer, a implementa\u00e7\u00e3o de faixa de pedestre na Av. Gabriel Freceiro de Miranda , pois existe um tr\u00e1fego grande de carros e motos, ficando a travessia perigosa para os pedestres;\r\n\r\n4.- Requer, a pintura de estacionamento, faixa amarela e vaga de cadeirantes, na Av. Canada, n\u00ba 1334, em frente ao Condom\u00ednio Canada Park, pois n\u00e3o est\u00e3o respeitando a entrada de cadeirantes e parando carros por falta da sinaliza\u00e7\u00e3o; \r\n\r\n5.- Requer, a fiscaliza\u00e7\u00e3o/recape asf\u00e1ltico na Rua Domingos Jorge Velho, em frente ao n\u00ba 184, Jardim Silvino, pois de acordo com moradores a Sanepar realizou a um reparo no local, deixando a Rua com buracos abertos, trazendo risco para o tr\u00e2nsito local.\r\n\r\n\r\nSem mais para o momento e certo de que serei atendido, meus agradecimentos. \r\n\r\nCamb\u00e9, 24 de maio de 2021.\r\n\r\nVEREADOR -  LUCAS MIL GRAU","indexacao":"","observacao":"","resultado":"","texto_original":"http://sapl.cambe.pr.leg.br/media/sapl/public/materialegislativa/2021/6913/oficio_13-2021.pdf","data_ultima_atualizacao":"2021-05-24T16:56:51.856533-03:00","ip":"","ultima_edicao":null,"tipo":4,"regime_tramitacao":1,"tipo_origem_externa":null,"local_origem_externa":null,"user":null,"anexadas":[],"autores":[57]}