{"id":6878,"__str__":"Requerimento n\u00ba 82 de 2021","link_detail_backend":"/materia/6878","metadata":{},"numero":82,"ano":2021,"numero_protocolo":113,"data_apresentacao":"2021-05-03","tipo_apresentacao":"","data_publicacao":null,"numero_origem_externa":"","ano_origem_externa":null,"data_origem_externa":null,"apelido":"","dias_prazo":null,"data_fim_prazo":null,"em_tramitacao":true,"polemica":false,"objeto":"","complementar":false,"ementa":"1-\tSolicito uma recape asf\u00e1ltico e um quebra-molas na rua Flor de Natal, na altura do n\u00famero 187.\r\n2-\tSolicito na rua Flor de Lis e na rua Magn\u00f3lias um tapa buraco e manuten\u00e7\u00e3o dos meios fios.\r\n3-\tSolicito um recape asf\u00e1ltico na rua Tulipas na altura do n\u00famero 160.\r\n4-\tPor fim, solicito na rua Ant\u00f4nio Mantovani no numero 547, a troca de l\u00e2mpada, pois a rua se encontra muito escura.","indexacao":"","observacao":"","resultado":"","texto_original":"http://sapl.cambe.pr.leg.br/media/sapl/public/materialegislativa/2021/6878/requerimento_03_05_2021.pdf","data_ultima_atualizacao":"2021-05-03T16:09:02.729242-03:00","ip":"","ultima_edicao":null,"tipo":4,"regime_tramitacao":1,"tipo_origem_externa":null,"local_origem_externa":null,"user":null,"anexadas":[],"autores":[53]}