{"id":6870,"__str__":"Requerimento n\u00ba 76 de 2021","link_detail_backend":"/materia/6870","metadata":{},"numero":76,"ano":2021,"numero_protocolo":105,"data_apresentacao":"2021-04-26","tipo_apresentacao":"","data_publicacao":null,"numero_origem_externa":"","ano_origem_externa":null,"data_origem_externa":null,"apelido":"","dias_prazo":null,"data_fim_prazo":null,"em_tramitacao":true,"polemica":false,"objeto":"","complementar":false,"ementa":"Provid\u00eancias quanto \u00e0 an\u00e1lise t\u00e9cnica para a implanta\u00e7\u00e3o de bueiros na Rua Planalto, esquina com a Rua da Torre, no Camb\u00e9 II, pois em per\u00edodos chuvosos e tamb\u00e9m quando os moradores lavam suas cal\u00e7adas ocorre o empo\u00e7amento de \u00e1guas no local; Provid\u00eancias quanto \u00e0 implanta\u00e7\u00e3o de ilumina\u00e7\u00e3o p\u00fablica com l\u00e2mpadas de LED em todas as viela localizadas nos Jardins Alvorada e Camb\u00e9 II, bem como em toda extens\u00e3o da Rua Tuiuti, em especial no trecho compreendido entre as Avenidas Santo Cassaro e Gen\u00e9sio Geraldo dos Santos; Provid\u00eancias quanto \u00e0 constru\u00e7\u00e3o de faixa elevada na Rua Tuiuti, em frente ao port\u00e3o da Escola Estadual Att\u00edlio Codato, a fim de propiciar seguran\u00e7a aos pedestres que passam pelo local; Provid\u00eancias quanto \u00e0 coloca\u00e7\u00e3o de um ponto de \u00f4nibus coberto, com banco, na esquina da Rua Fran\u00e7a com a Rua dos Governadores Gerais, no Jardim Vila Rica, haja vista que muitos idosos aguardam pelo transporte coletivo no local; Provid\u00eancias quanto \u00e0 an\u00e1lise t\u00e9cnica para abertura da Rua do Braz, no Jardim Maria Flora, ligando-a a Rodovia BR 369.","indexacao":"","observacao":"","resultado":"","texto_original":"http://sapl.cambe.pr.leg.br/media/sapl/public/materialegislativa/2021/6870/req_009_solicitacao_bueiro_rua_planalto__e_outros.pdf","data_ultima_atualizacao":"2021-04-26T15:41:07.582205-03:00","ip":"","ultima_edicao":null,"tipo":4,"regime_tramitacao":1,"tipo_origem_externa":null,"local_origem_externa":null,"user":null,"anexadas":[],"autores":[58]}