{"id":6822,"__str__":"Requerimento n\u00ba 44 de 2021","link_detail_backend":"/materia/6822","metadata":{},"numero":44,"ano":2021,"numero_protocolo":59,"data_apresentacao":"2021-04-05","tipo_apresentacao":"","data_publicacao":null,"numero_origem_externa":"","ano_origem_externa":null,"data_origem_externa":null,"apelido":"","dias_prazo":null,"data_fim_prazo":null,"em_tramitacao":true,"polemica":false,"objeto":"","complementar":false,"ementa":"1.\tSolicito uma aten\u00e7\u00e3o na Horta Comunit\u00e1ria do Camb\u00e9 V, para que seja feito a poda da \u00e1rvore, a possibilidade de aumentar a quantidade de canteiros, mudan\u00e7a do port\u00e3o de acesso principal e de acesso ao esterco, e manuten\u00e7\u00e3o na cal\u00e7ada. Segue em anexo c\u00f3pia do abaixo-assinado.\r\n2.\tSolicito a instala\u00e7\u00e3o de uma Horta Comunit\u00e1ria nas regi\u00f5es do Jd. Europa e Jd. Paran\u00e1, tendo em vista que muitas pessoas destas regi\u00f5es est\u00e3o indo para outras, em busca de canteiros para realizar o plantio, ent\u00e3o atendendo a pedidos da popula\u00e7\u00e3o, solicito esta nova instala\u00e7\u00e3o.\r\n3.\tSolicito que seja feita a instala\u00e7\u00e3o de um rel\u00f3gio no terminal central, pois sabemos que muitas vezes os \u00f4nibus tendem a sair com oscila\u00e7\u00f5es de hor\u00e1rios, a popula\u00e7\u00e3o acredita que tais situa\u00e7\u00f5es ter\u00e3o uma menor chance de ocorrer, visando o melhor para ambas as partes caso o pedido for atendido.\r\n4.\tSolicito a Secretaria de Obras a instala\u00e7\u00e3o de uma boca de lobo na Rua Francisco Lopes Hernandez de frente com n\u00famero 493, no mesmo modelo da que se encontra na Rua Dalto entre os n\u00fameros 367 e 391 (boca de lobo de guia), tendo em vista que em dias de chuva o local fica inundado e acaba indo toda \u00e0 \u00e1gua para as resid\u00eancias mais pr\u00f3ximas. Segue em anexo c\u00f3pia do abaixo-assinado.\r\n5.\tSolicito a implanta\u00e7\u00e3o de um novo quebra-molas na Rua Lu\u00eds Calsavara em frente \u00e0 casa de n\u00b0 222, Jd. Ana Rosa, a pedido dos residentes do mesmo, tendo em vista que os ve\u00edculos passam em alta velocidade colocando a popula\u00e7\u00e3o em risco de algum acidente ou at\u00e9 mesmo uma fatalidade. Segue c\u00f3pia do abaixo-assinado em anexo.","indexacao":"","observacao":"","resultado":"","texto_original":"http://sapl.cambe.pr.leg.br/media/sapl/public/materialegislativa/2021/6822/requerimento_08.pdf","data_ultima_atualizacao":"2021-04-05T14:58:01.981237-03:00","ip":"","ultima_edicao":null,"tipo":4,"regime_tramitacao":1,"tipo_origem_externa":null,"local_origem_externa":null,"user":null,"anexadas":[],"autores":[56]}