{"id":6806,"__str__":"Requerimento n\u00ba 34 de 2021","link_detail_backend":"/materia/6806","metadata":{},"numero":34,"ano":2021,"numero_protocolo":47,"data_apresentacao":"2021-03-29","tipo_apresentacao":"","data_publicacao":null,"numero_origem_externa":"","ano_origem_externa":null,"data_origem_externa":null,"apelido":"","dias_prazo":null,"data_fim_prazo":null,"em_tramitacao":true,"polemica":false,"objeto":"","complementar":false,"ementa":"Provid\u00eancias quanto a reforma do vesti\u00e1rio do campo de futebol do Conjunto Camb\u00e9 III, bem como a coloca\u00e7\u00e3o de um guarda para cuidar do local, evitando assim o mal uso e a depreda\u00e7\u00e3o do espa\u00e7o p\u00fablico; Provid\u00eancias quanto \u00e0 coloca\u00e7\u00e3o de ilumina\u00e7\u00e3o p\u00fablica na Rua Bras\u00edlia, no trecho compreendido entre as Ruas Planalto e Santo Cassaro, no Jardim Alvorada, uma vez que n\u00e3o h\u00e1 postes no local citado, tornando o trecho muito escuro e perigoso para motoristas e pedestres que por ali transitam no per\u00edodo noturno; Provid\u00eancias quanto \u00e0 elabora\u00e7\u00e3o de estudo t\u00e9cnico para adequa\u00e7\u00e3o vi\u00e1ria da Rua Esperan\u00e7a, no trecho compreendido entre as Ruas Santo Cassaro e Gen\u00e9sio Geraldo dos Santos, no que tange \u00e0 utiliza\u00e7\u00e3o da marginal de acesso aos condom\u00ednios existentes como via de tr\u00e2nsito de ve\u00edculos no sentido BR369 \u2013 Av.: Roberto Concei\u00e7\u00e3o, bem como a readequa\u00e7\u00e3o vi\u00e1ria do acesso aos Jardins Morumbi e Maria Flora pela Rua Esperan\u00e7a, com implanta\u00e7\u00e3o de rotat\u00f3ria, uma vez que o aumento do n\u00famero de ve\u00edculos vem causando transtornos e inseguran\u00e7a aos moradores que se utilizam daquela via, em especial aos pedestres; Provid\u00eancias quanto \u00e0 sinaliza\u00e7\u00e3o vi\u00e1ria, no que tange a pintura de faixa de pedestres e sinaliza\u00e7\u00e3o de \u201cprefer\u00eancia\u201d nas conflu\u00eancias, bem como a coloca\u00e7\u00e3o de sinaliza\u00e7\u00e3o vertical, em toda extens\u00e3o do Jardim Vit\u00f3ria.","indexacao":"","observacao":"","resultado":"","texto_original":"http://sapl.cambe.pr.leg.br/media/sapl/public/materialegislativa/2021/6806/req_005_solicitacao_reforma_de_vestiario_e_outros.pdf","data_ultima_atualizacao":"2021-03-29T14:16:36.518505-03:00","ip":"","ultima_edicao":null,"tipo":4,"regime_tramitacao":1,"tipo_origem_externa":null,"local_origem_externa":null,"user":null,"anexadas":[],"autores":[58]}