{"id":6787,"__str__":"Requerimento n\u00ba 19 de 2021","link_detail_backend":"/materia/6787","metadata":{},"numero":19,"ano":2021,"numero_protocolo":29,"data_apresentacao":"2021-03-17","tipo_apresentacao":"","data_publicacao":null,"numero_origem_externa":"","ano_origem_externa":null,"data_origem_externa":null,"apelido":"","dias_prazo":null,"data_fim_prazo":null,"em_tramitacao":true,"polemica":false,"objeto":"","complementar":false,"ementa":"1 \u2013 Solicito na rua Yoshimi Hamamoto na altura do n\u00ba 700, um quebra-molas.\r\n2- Solicita corte de arvore na rua Anita Garibaldi n\u00ba86, raiz da arvore estourou a cal\u00e7ada.\r\n3 \u2013 Solicita corte de arvore na rua Joaquim Nabuco n\u00ba 132 esquina com rua Padre Jos\u00e9 de Anchieta, est\u00e1 muito escuro e ficam parado rapazes a noite.\r\n4 \u2013 Solicito o corte de arvore na rua Tiete n\u00ba 911 pr\u00f3ximo a casa de vel\u00f3rio, est\u00e1 pendendo e com o mal tempo que estamos passando de chuvas forte pode cair e raiz estourou cal\u00e7ada.","indexacao":"","observacao":"","resultado":"","texto_original":"http://sapl.cambe.pr.leg.br/media/sapl/public/materialegislativa/2021/6787/requerimento_02_2021.pdf","data_ultima_atualizacao":"2021-03-17T16:10:25.421518-03:00","ip":"","ultima_edicao":null,"tipo":4,"regime_tramitacao":1,"tipo_origem_externa":null,"local_origem_externa":null,"user":null,"anexadas":[6999],"autores":[53]}