{"id":6783,"__str__":"Projeto de Lei Ordin\u00e1ria n\u00ba 2 de 2021","link_detail_backend":"/materia/6783","metadata":{},"numero":2,"ano":2021,"numero_protocolo":null,"data_apresentacao":"2021-03-16","tipo_apresentacao":"","data_publicacao":null,"numero_origem_externa":"02","ano_origem_externa":2021,"data_origem_externa":null,"apelido":"","dias_prazo":null,"data_fim_prazo":null,"em_tramitacao":false,"polemica":false,"objeto":"","complementar":false,"ementa":"D\u00e1 denomina\u00e7\u00e3o \u00e0s vias p\u00fablicas do Jardim Jo\u00e3o Andr\u00e9.","indexacao":"","observacao":"","resultado":"","texto_original":"http://sapl.cambe.pr.leg.br/media/sapl/public/materialegislativa/2021/6783/pl_21-02.pdf","data_ultima_atualizacao":"2021-10-24T22:54:43.065476-03:00","ip":"179.154.24.112","ultima_edicao":"2021-03-18T21:29:03.279357-03:00","tipo":2,"regime_tramitacao":1,"tipo_origem_externa":2,"local_origem_externa":null,"user":44,"anexadas":[],"autores":[11]}