{"id":6673,"__str__":"Requerimento n\u00ba 139 de 2020","link_detail_backend":"/materia/6673","metadata":{},"numero":139,"ano":2020,"numero_protocolo":189,"data_apresentacao":"2020-08-24","tipo_apresentacao":"","data_publicacao":null,"numero_origem_externa":"","ano_origem_externa":null,"data_origem_externa":null,"apelido":"","dias_prazo":null,"data_fim_prazo":null,"em_tramitacao":true,"polemica":null,"objeto":"","complementar":null,"ementa":"Provid\u00eancias quanto a regulariza\u00e7\u00e3o e retorno, com urg\u00eancia, dos hor\u00e1rios dos \u00f4nibus que atendem todos os bairros de nossa Cidade, em especial a regi\u00e3o do Camb\u00e9 II, que foram retirados em virtude da pandemia, e que vem causando in\u00fameros transtornos \u00e0 popula\u00e7\u00e3o que utiliza-se do transporte p\u00fablico para locomo\u00e7\u00e3o; Provid\u00eancias quanto \u00e0 fiscaliza\u00e7\u00e3o e orienta\u00e7\u00e3o dos motoristas que estacionam seus caminh\u00f5es na al\u00e7a de acesso \u00e0 BR369, bem como nas vias marginais da BR, enquanto aguardam a carga e descarga de produtos, uma vez que tal pr\u00e1tica tem dificultado o acesso de ve\u00edculos \u00e0 rodovia, causando perigo iminente de acidentes.","indexacao":"","observacao":"","resultado":"","texto_original":"http://sapl.cambe.pr.leg.br/media/sapl/public/materialegislativa/2020/6673/req_025_solicitacao_regularizacao_onibus_e_outros.pdf","data_ultima_atualizacao":"2020-08-24T15:52:45.911376-03:00","ip":"","ultima_edicao":null,"tipo":4,"regime_tramitacao":1,"tipo_origem_externa":null,"local_origem_externa":null,"user":null,"anexadas":[],"autores":[35]}