{"id":6652,"__str__":"Requerimento n\u00ba 127 de 2020","link_detail_backend":"/materia/6652","metadata":{},"numero":127,"ano":2020,"numero_protocolo":174,"data_apresentacao":"2020-08-10","tipo_apresentacao":"","data_publicacao":null,"numero_origem_externa":"","ano_origem_externa":null,"data_origem_externa":null,"apelido":"","dias_prazo":null,"data_fim_prazo":null,"em_tramitacao":true,"polemica":null,"objeto":"","complementar":null,"ementa":"Provid\u00eancias quanto a troca de ilumina\u00e7\u00e3o p\u00fablica de merc\u00fario para led em toda a extens\u00e3o da Rua Alvarenga Peixoto, localizada no Parque Manella, bem como nos bairros: Jardim Esperan\u00e7a; Santa Izabel e Bela Vista; Provid\u00eancias quanto ao aumento do n\u00famero de \u00f4nibus e adequa\u00e7\u00e3o dos hor\u00e1rios do transporte coletivo que atende \u00e0 comunidade do Bratislava, uma vez que foi reduzido o n\u00famero de ve\u00edculos que percorre a referida linha, permanecendo somente dois hor\u00e1rios di\u00e1rios, o que prejudica e causa transtornos aos usu\u00e1rios, principalmente \u00e0queles que se utilizam do transporte p\u00fablico para trabalhar.","indexacao":"","observacao":"","resultado":"","texto_original":"http://sapl.cambe.pr.leg.br/media/sapl/public/materialegislativa/2020/6652/req_023_solicitacao_substituicao_iluminacao_publica_e_outros.pdf","data_ultima_atualizacao":"2020-08-10T13:45:29.986747-03:00","ip":"","ultima_edicao":null,"tipo":4,"regime_tramitacao":1,"tipo_origem_externa":null,"local_origem_externa":null,"user":null,"anexadas":[],"autores":[35]}