{"id":6537,"__str__":"Requerimento n\u00ba 49 de 2020","link_detail_backend":"/materia/6537","metadata":{},"numero":49,"ano":2020,"numero_protocolo":73,"data_apresentacao":"2020-05-04","tipo_apresentacao":"","data_publicacao":null,"numero_origem_externa":"","ano_origem_externa":null,"data_origem_externa":null,"apelido":"","dias_prazo":null,"data_fim_prazo":null,"em_tramitacao":true,"polemica":null,"objeto":"","complementar":null,"ementa":"Provid\u00eancias quanto \u00e0 regulariza\u00e7\u00e3o e retorno, com urg\u00eancia, dos hor\u00e1rios dos \u00f4nibus que atendem \u00e0s comunidades do Camb\u00e9 II e Nova Camb\u00e9, que foram retirados em virtude da pandemia, e que vem causando in\u00fameros transtornos \u00e0 popula\u00e7\u00e3o daquelas regi\u00f5es, uma vez que muitos mun\u00edcipes continuam trabalhando e necessitam dos \u00f4nibus para sua locomo\u00e7\u00e3o; Provid\u00eancias quanto \u00e0 manuten\u00e7\u00e3o da academia ao ar livre localizada no Conjunto Habitacional Camb\u00e9 V; Provid\u00eancias quanto \u00e0 cria\u00e7\u00e3o de uma campanha para conscientiza\u00e7\u00e3o e orienta\u00e7\u00e3o de moradores e coletores de lixo, acerca do descarte correto do lixo tanto org\u00e2nico quanto recicl\u00e1vel, cronograma de coleta e local apropriado em cal\u00e7adas e pr\u00e9dios para coloca\u00e7\u00e3o de res\u00edduos, a fim de facilitar o trabalho dos coletores, bem como evitar o ac\u00famulo de detritos em cal\u00e7adas e vias p\u00fablicas.\r\nSolicito ainda, encaminhamento de Of\u00edcio ao Governo do Estado do Paran\u00e1, a fim de que: sejam tomadas as provid\u00eancias necess\u00e1rias para a constru\u00e7\u00e3o da cobertura da quadra poliesportiva da Escola Estadual Professora Helena Kolody.","indexacao":"","observacao":"","resultado":"","texto_original":"http://sapl.cambe.pr.leg.br/media/sapl/public/materialegislativa/2020/6537/req_009_solicitacao_onibus_cambe_ii_e_outros.pdf","data_ultima_atualizacao":"2020-05-04T15:08:04.002966-03:00","ip":"","ultima_edicao":null,"tipo":4,"regime_tramitacao":1,"tipo_origem_externa":null,"local_origem_externa":null,"user":null,"anexadas":[],"autores":[35]}