{"id":6519,"__str__":"Projeto de Lei Ordin\u00e1ria n\u00ba 28 de 2020","link_detail_backend":"/materia/6519","metadata":{},"numero":28,"ano":2020,"numero_protocolo":null,"data_apresentacao":"2020-03-23","tipo_apresentacao":"E","data_publicacao":null,"numero_origem_externa":"","ano_origem_externa":null,"data_origem_externa":null,"apelido":"","dias_prazo":null,"data_fim_prazo":null,"em_tramitacao":false,"polemica":null,"objeto":"","complementar":null,"ementa":"DISP\u00d5E SOBRE A ISEN\u00c7\u00c3O DO PAGAMENTO DA COSIP - CONTRIBUI\u00c7\u00c3O PARA O CUSTEIO DA ILUMINA\u00c7\u00c3O P\u00daBLICA, AOS IDOSOS E APOSENTADOS COM IDADE IGUAL OU SUPERIOR A 60 (SESSENTA) ANOS DE IDADE E D\u00c1 OUTRAS PROVID\u00caNCIAS.","indexacao":"","observacao":"","resultado":"","texto_original":"http://sapl.cambe.pr.leg.br/media/sapl/public/materialegislativa/2020/6519/pl_28.pdf","data_ultima_atualizacao":"2020-10-06T08:49:56.842456-03:00","ip":"186.219.176.56","ultima_edicao":"2020-03-23T14:12:58.318415-03:00","tipo":2,"regime_tramitacao":1,"tipo_origem_externa":null,"local_origem_externa":null,"user":44,"anexadas":[],"autores":[40]}