{"id":6502,"__str__":"Requerimento n\u00ba 35 de 2020","link_detail_backend":"/materia/6502","metadata":{},"numero":35,"ano":2020,"numero_protocolo":54,"data_apresentacao":"2020-03-16","tipo_apresentacao":"","data_publicacao":null,"numero_origem_externa":"","ano_origem_externa":null,"data_origem_externa":null,"apelido":"","dias_prazo":null,"data_fim_prazo":null,"em_tramitacao":true,"polemica":null,"objeto":"","complementar":null,"ementa":"Provid\u00eancias quanto ao recape asf\u00e1ltico em toda a extens\u00e3o da Rua Professor Couto da Costa, na Vila Mesquita; Provid\u00eancias quanto \u00e0 limpeza da Av.: Roberto Concei\u00e7\u00e3o, sentido Londrina-Camb\u00e9, no trecho compreendido entre a Rua Carlos Sawade e a rotat\u00f3ria da Av.: Inglaterra, uma vez que em per\u00edodos chuvosos, devido \u00e0 falta de galerias, ocorre o ac\u00famulo de lixo, \u00e1gua e lama. Ocorre que, ap\u00f3s as chuvas, a lama seca transformando-se em poeira, causando transtornos aos comerciantes e pedestres que se utilizam do local; Provid\u00eancias quanto \u00e0 constru\u00e7\u00e3o de novas galerias, na Av.: Roberto Concei\u00e7\u00e3o, sentido Londrina-Camb\u00e9, no trecho compreendido entre a Rua Carlos Sawade e a rotat\u00f3ria da Av.: Inglaterra; Provid\u00eancias quanto \u00e0 disponibiliza\u00e7\u00e3o de 02 (dois) banheiros qu\u00edmicos para serem utilizados todas as quintas-feiras, no per\u00edodo noturno, pelos frequentadores da Feira da Lua, realizada no p\u00e1tio da Igreja Cristo Rei, no Camb\u00e9 II; Provid\u00eancias quanto ao recape asf\u00e1ltico em toda extens\u00e3o da Rua M\u00e9xico, no Jardim Primavera. Na impossibilidade, solicita-se tapa buracos emergencial na conflu\u00eancia da referida via com a Rua L\u00edbano.","indexacao":"","observacao":"","resultado":"","texto_original":"http://sapl.cambe.pr.leg.br/media/sapl/public/materialegislativa/2020/6502/req_007_solicitacao_recape_rua_couto_da_costa_e_outros.pdf","data_ultima_atualizacao":"2020-03-16T10:08:52.804823-03:00","ip":"","ultima_edicao":null,"tipo":4,"regime_tramitacao":1,"tipo_origem_externa":null,"local_origem_externa":null,"user":null,"anexadas":[],"autores":[35]}