{"id":6393,"__str__":"Indica\u00e7\u00e3o n\u00ba 21 de 2019","link_detail_backend":"/materia/6393","metadata":{},"numero":21,"ano":2019,"numero_protocolo":457,"data_apresentacao":"2019-12-02","tipo_apresentacao":"","data_publicacao":null,"numero_origem_externa":"","ano_origem_externa":null,"data_origem_externa":null,"apelido":"","dias_prazo":null,"data_fim_prazo":null,"em_tramitacao":true,"polemica":null,"objeto":"","complementar":null,"ementa":"Sugest\u00e3o de modifica\u00e7\u00f5es no Projeto de Lei que encontra-se em tramita\u00e7\u00e3o nesta Casa, sob o n\u00famero 49/2019, e \u201cdisp\u00f5e sobre o zoneamento de uso e ocupa\u00e7\u00e3o do solo urbano do Munic\u00edpio de Camb\u00e9 e d\u00e1 outras provid\u00eancias\u201d.","indexacao":"","observacao":"","resultado":"","texto_original":"http://sapl.cambe.pr.leg.br/media/sapl/public/materialegislativa/2019/6393/ind_012_alteracoes_pl_49-2019_zoneamento.pdf","data_ultima_atualizacao":"2019-12-02T11:15:38.311105-03:00","ip":"","ultima_edicao":null,"tipo":3,"regime_tramitacao":1,"tipo_origem_externa":null,"local_origem_externa":null,"user":null,"anexadas":[],"autores":[35]}