{"id":6370,"__str__":"Requerimento n\u00ba 312 de 2019","link_detail_backend":"/materia/6370","metadata":{},"numero":312,"ano":2019,"numero_protocolo":440,"data_apresentacao":"2019-11-18","tipo_apresentacao":"","data_publicacao":null,"numero_origem_externa":"","ano_origem_externa":null,"data_origem_externa":null,"apelido":"","dias_prazo":null,"data_fim_prazo":null,"em_tramitacao":true,"polemica":null,"objeto":"","complementar":null,"ementa":"Provid\u00eancias quanto \u00e0 erradica\u00e7\u00e3o das \u00e1rvores que apresentam risco de queda, localizadas na Rua Alemanha, no trecho compreendido entre a Av.: Canad\u00e1 e Rua M\u00e9xico, no Fundo de Vale do Jardim Primavera. Na oportunidade, solicita-se o plantio de novas mudas no local; Provid\u00eancias quanto \u00e0 realiza\u00e7\u00e3o de recape asf\u00e1ltico em toda extens\u00e3o da Rua Alemanha, em especial no trecho compreendido entre a Av.: Canad\u00e1 e Rua M\u00e9xico. Na impossibilidade, que seja realizado tapa buracos emergencial no local; Provid\u00eancias quanto \u00e0 substitui\u00e7\u00e3o do ponto de \u00f4nibus localizado na Rua Jo\u00e3o Fortunato, pr\u00f3ximo \u00e0 esquina com a Rua Al\u00edcio Francisco Mafra, no Jardim Tarob\u00e1, uma vez que sua estrutura encontra-se torta, com a cobertura quebrada, ocasionando risco aos usu\u00e1rios do transporte coletivo; Provid\u00eancias quanto \u00e0 limpeza de todos os bueiros localizados na Rua Jo\u00e3o Fortunato, em especial o que encontra-se pr\u00f3ximo \u00e0 esquina com a Rua Al\u00edcio Francisco Mafra, no Jardim Tarob\u00e1, pois, por estar entupido, apresenta-se cheio de \u00e1gua propiciando a prolifera\u00e7\u00e3o de insetos e exalando mau cheiro.","indexacao":"","observacao":"","resultado":"","texto_original":"http://sapl.cambe.pr.leg.br/media/sapl/public/materialegislativa/2019/6370/req_038_solicitacao_erradicacao_arvore_rua_alem_1BMPW5g.pdf","data_ultima_atualizacao":"2019-11-18T11:49:50.359479-03:00","ip":"","ultima_edicao":null,"tipo":4,"regime_tramitacao":1,"tipo_origem_externa":null,"local_origem_externa":null,"user":null,"anexadas":[],"autores":[35]}