{"id":6258,"__str__":"Requerimento n\u00ba 247 de 2019","link_detail_backend":"/materia/6258","metadata":{},"numero":247,"ano":2019,"numero_protocolo":353,"data_apresentacao":"2019-09-09","tipo_apresentacao":"","data_publicacao":null,"numero_origem_externa":"","ano_origem_externa":null,"data_origem_externa":null,"apelido":"","dias_prazo":null,"data_fim_prazo":null,"em_tramitacao":true,"polemica":null,"objeto":"","complementar":null,"ementa":"Provid\u00eancias quanto a troca de ilumina\u00e7\u00e3o e reforma geral, no que tange a pintura; substitui\u00e7\u00e3o do alambrado; e manuten\u00e7\u00e3o dos vesti\u00e1rios, da quadra do Jardim S\u00e3o Francisco, localizada na Rua dos Ca\u00e7adores n\u00ba 50, pois este espa\u00e7o de lazer encontra-se em condi\u00e7\u00f5es prec\u00e1rias e v\u00eam sendo utilizado com frequ\u00eancia pela popula\u00e7\u00e3o; Provid\u00eancias quanto a limpeza e jardinagem do fundo de vale do Jardim V\u00f4 Zezinho, localizado na Rua Altino Gorni, uma vez que a revitaliza\u00e7\u00e3o do local inibir\u00e1 o despejo de entulhos e propiciar\u00e1 bem-estar aos moradores daquela regi\u00e3o.","indexacao":"","observacao":"","resultado":"","texto_original":"http://sapl.cambe.pr.leg.br/media/sapl/public/materialegislativa/2019/6258/req_029_solicitacao_reforma_quadra_sao_fco_e_outros.pdf","data_ultima_atualizacao":"2019-09-09T13:28:39.329991-03:00","ip":"","ultima_edicao":null,"tipo":4,"regime_tramitacao":1,"tipo_origem_externa":null,"local_origem_externa":null,"user":null,"anexadas":[],"autores":[35]}