{"id":6203,"__str__":"Requerimento n\u00ba 215 de 2019","link_detail_backend":"/materia/6203","metadata":{},"numero":215,"ano":2019,"numero_protocolo":316,"data_apresentacao":"2019-08-12","tipo_apresentacao":"","data_publicacao":null,"numero_origem_externa":"","ano_origem_externa":null,"data_origem_externa":null,"apelido":"","dias_prazo":null,"data_fim_prazo":null,"em_tramitacao":true,"polemica":null,"objeto":"","complementar":null,"ementa":"Provid\u00eancias quanto a regulariza\u00e7\u00e3o da coleta de lixo em toda extens\u00e3o da Rua Ant\u00f4nio Vicentin, em especial no trecho localizado entre as Ruas Nossa Senhora do Rocio e Jo\u00e3o Garla, uma vez que, h\u00e1 v\u00e1rios dias, vem ocorrendo o ac\u00famulo de lixo nas resid\u00eancias; Provid\u00eancias quanto a revitaliza\u00e7\u00e3o do canteiro central da Avenida Ant\u00f4nio Raminelli, melhorando a sinaliza\u00e7\u00e3o vi\u00e1ria horizontal e vertical e realizando estudo t\u00e9cnico para verifica\u00e7\u00e3o de amplia\u00e7\u00e3o do n\u00famero de vagas de estacionamento, por meio de recuo dos canteiros centrais; Provid\u00eancias quanto a verifica\u00e7\u00e3o da qualidade de servi\u00e7o do tapa buracos, realizado pela SANEPAR, na Rua Par\u00e1 esquina com Estados Unidos, em frente ao  Instituto Nossa Senhora Auxiliadora \u2013 INSA, uma vez que os entulhos provenientes da obra foram jogados na cal\u00e7ada e n\u00e3o recolhidos at\u00e9 o presente momento, e o servi\u00e7o executado pela concession\u00e1ria n\u00e3o apresenta o mesmo padr\u00e3o de qualidade da via; Provid\u00eancias quanto a realiza\u00e7\u00e3o de estudo t\u00e9cnico, a fim de que seja proibido o estacionamento de ve\u00edculos pesados, no entorno do canteiro central em toda a extens\u00e3o da Rua Curitiba; Provid\u00eancias quanto a sinaliza\u00e7\u00e3o vi\u00e1ria horizontal e vertical na Rua Jo\u00e3o Garla, no trecho compreendido entre a Avenida Brasil e Rua Ant\u00f4nio Vicentin, uma vez que o local apresenta intenso tr\u00e1fego de ve\u00edculos pesados, com asfalto inadequado, ac\u00famulo de sujeira e lixo, bem como empo\u00e7amento de \u00e1gua nos meios fios.","indexacao":"","observacao":"","resultado":"","texto_original":"http://sapl.cambe.pr.leg.br/media/sapl/public/materialegislativa/2019/6203/req_025_solicitacao_regularizacao_de_coleta_e_outros.pdf","data_ultima_atualizacao":"2019-08-12T13:33:03.933733-03:00","ip":"","ultima_edicao":null,"tipo":4,"regime_tramitacao":1,"tipo_origem_externa":null,"local_origem_externa":null,"user":null,"anexadas":[],"autores":[35]}