{"id":6121,"__str__":"Indica\u00e7\u00e3o n\u00ba 13 de 2019","link_detail_backend":"/materia/6121","metadata":{},"numero":13,"ano":2019,"numero_protocolo":243,"data_apresentacao":"2019-06-10","tipo_apresentacao":"","data_publicacao":null,"numero_origem_externa":"","ano_origem_externa":null,"data_origem_externa":null,"apelido":"","dias_prazo":null,"data_fim_prazo":null,"em_tramitacao":true,"polemica":null,"objeto":"","complementar":null,"ementa":"Sugest\u00e3o de instala\u00e7\u00e3o de um balan\u00e7o adaptado para cadeirantes, a exemplo do brinquedo instalado na Pra\u00e7a Nishinomya, no Munic\u00edpio de Londrina, bem como outros brinquedos adaptados para crian\u00e7as com defici\u00eancia, no Parque Zez\u00e3o, Parque Nelson Mandela e demais parques e pra\u00e7as de nossa Cidade.","indexacao":"","observacao":"","resultado":"","texto_original":"http://sapl.cambe.pr.leg.br/media/sapl/public/materialegislativa/2019/6121/ind_008_parque_infantil_adaptado.pdf","data_ultima_atualizacao":"2019-06-10T13:38:55.398891-03:00","ip":"","ultima_edicao":null,"tipo":3,"regime_tramitacao":1,"tipo_origem_externa":null,"local_origem_externa":null,"user":null,"anexadas":[],"autores":[35]}