{"id":5985,"__str__":"Requerimento n\u00ba 64 de 2019","link_detail_backend":"/materia/5985","metadata":{},"numero":64,"ano":2019,"numero_protocolo":125,"data_apresentacao":"2019-04-01","tipo_apresentacao":"","data_publicacao":null,"numero_origem_externa":"","ano_origem_externa":null,"data_origem_externa":null,"apelido":"","dias_prazo":null,"data_fim_prazo":null,"em_tramitacao":true,"polemica":null,"objeto":"","complementar":null,"ementa":"Provid\u00eancias quanto \u00e0 substitui\u00e7\u00e3o do parque infantil da Pra\u00e7a do Jardim Santo Ant\u00f4nio, que atualmente \u00e9 de madeira e encontra-se sem condi\u00e7\u00f5es de uso; Provid\u00eancias quanto \u00e0 constru\u00e7\u00e3o de redutor de velocidades na Rua Pedro Lovato, pr\u00f3ximo \u00e0 Academia ao Ar Livre, no Jardim Santo Ant\u00f4nio; Provid\u00eancias quanto \u00e0 continua\u00e7\u00e3o da constru\u00e7\u00e3o da cal\u00e7ada no entorno do fundo de vale do Conjunto Camb\u00e9 V; Provid\u00eancias quanto \u00e0 fiscaliza\u00e7\u00e3o e orienta\u00e7\u00e3o de ambulantes localizados na Rua Belo Horizonte, pr\u00f3ximo ao Terminal Urbano de Transporte Coletivo, no que tange \u00e0 ocupa\u00e7\u00e3o da cal\u00e7ada para comercializa\u00e7\u00e3o de produtos, dificultando o tr\u00e2nsito de pedestres; Provid\u00eancias quanto \u00e0 fiscaliza\u00e7\u00e3o e orienta\u00e7\u00e3o de ambulantes que atuam na Feira Matutina, realizada todas as quintas-feiras, no p\u00e1tio da Igreja Matriz, a fim de que regularizem sua situa\u00e7\u00e3o junto ao Munic\u00edpio.","indexacao":"","observacao":"","resultado":"","texto_original":"http://sapl.cambe.pr.leg.br/media/sapl/public/materialegislativa/2019/5985/req_008_solicitacao_redutor_velocidade_sto_anto_KTjhP8a.pdf","data_ultima_atualizacao":"2019-04-01T13:24:41.046224-03:00","ip":"","ultima_edicao":null,"tipo":4,"regime_tramitacao":1,"tipo_origem_externa":null,"local_origem_externa":null,"user":null,"anexadas":[],"autores":[35]}