{"id":5849,"__str__":"Pedido de Informa\u00e7\u00e3o n\u00ba 2 de 2019","link_detail_backend":"/materia/5849","metadata":{},"numero":2,"ano":2019,"numero_protocolo":7,"data_apresentacao":"2019-02-04","tipo_apresentacao":"","data_publicacao":null,"numero_origem_externa":"","ano_origem_externa":null,"data_origem_externa":null,"apelido":"","dias_prazo":null,"data_fim_prazo":null,"em_tramitacao":true,"polemica":null,"objeto":"","complementar":null,"ementa":", informe: \r\n\r\nQual o tempo m\u00e9dio de espera para atendimento na UPA \u2013 Unidade de Pronto Atendimento de Camb\u00e9?Qual a viabilidade de implanta\u00e7\u00e3o de um sistema que informe aos mun\u00edcipes o tempo de espera para atendimento na referida unidade?Existe um plano para remanejamento emergencial de profissionais de outras unidades de sa\u00fade para a UPA, em dias de pico de atendimento?A UPA pratica o Atendimento Humanizado aos pacientes procuram pela unidade? Em caso afirmativo, de que forma este atendimento \u00e9 realizado? Em caso de negativa, existe a possibilidade de implanta\u00e7\u00e3o deste sistema?","indexacao":"","observacao":"","resultado":"","texto_original":"http://sapl.cambe.pr.leg.br/media/sapl/public/materialegislativa/2019/5849/pedido_info_003_upa.pdf","data_ultima_atualizacao":"2019-02-04T13:06:05.085310-02:00","ip":"","ultima_edicao":null,"tipo":5,"regime_tramitacao":1,"tipo_origem_externa":null,"local_origem_externa":null,"user":null,"anexadas":[],"autores":[35]}