{"id":5732,"__str__":"Requerimento n\u00ba 253 de 2018","link_detail_backend":"/materia/5732","metadata":{},"numero":253,"ano":2018,"numero_protocolo":164,"data_apresentacao":"2018-10-15","tipo_apresentacao":"","data_publicacao":null,"numero_origem_externa":"","ano_origem_externa":null,"data_origem_externa":null,"apelido":"","dias_prazo":null,"data_fim_prazo":null,"em_tramitacao":true,"polemica":null,"objeto":"","complementar":null,"ementa":"Provid\u00eancias quanto \u00e0 recape asf\u00e1ltico em toda a realiza\u00e7\u00e3o dos Jardins Primavera e Morada do Sol. Na impossibilidade que seja realizado tapa buracos emergencial na Rua M\u00e9xico, em frente a academia ao ar livre, bem como na Rua Alemanha, esquina com a Rua Gr\u00e9cia. Provid\u00eancias quanto ao acompanhamento da Vigil\u00e2ncia Sanit\u00e1ria no que tange a infesta\u00e7\u00e3o e morcegos na Rua Terezina, na Vila Brasil.","indexacao":"","observacao":"","resultado":"","texto_original":"http://sapl.cambe.pr.leg.br/media/sapl/public/materialegislativa/2018/5732/req_042_solicitacao_recape_e_outros.pdf","data_ultima_atualizacao":"2018-10-15T13:23:37.094499-03:00","ip":"","ultima_edicao":null,"tipo":4,"regime_tramitacao":1,"tipo_origem_externa":null,"local_origem_externa":null,"user":null,"anexadas":[],"autores":[35]}