{"id":4283,"__str__":"Requerimento n\u00ba 3252 de 2015","link_detail_backend":"/materia/4283","metadata":{},"numero":3252,"ano":2015,"numero_protocolo":null,"data_apresentacao":"2015-08-17","tipo_apresentacao":"E","data_publicacao":null,"numero_origem_externa":"","ano_origem_externa":null,"data_origem_externa":null,"apelido":"","dias_prazo":null,"data_fim_prazo":null,"em_tramitacao":true,"polemica":false,"objeto":"","complementar":null,"ementa":"- SINALIZA\u00c7\u00c3O DE TRANSITO E ILUMINA\u00c7\u00c3O NA AV. JOS\u00c9 BONIF\u00c1CIO\r\n- CAL\u00c7ADA NA PRA\u00c7A EM FRENTE A HORTA D","indexacao":"","observacao":"","resultado":"","texto_original":"http://sapl.cambe.pr.leg.br/media/sapl/public/materialegislativa/2015/4283/4283_texto_integral.doc","data_ultima_atualizacao":"2019-05-24T05:26:35.386958-03:00","ip":"","ultima_edicao":null,"tipo":4,"regime_tramitacao":1,"tipo_origem_externa":null,"local_origem_externa":null,"user":null,"anexadas":[],"autores":[25]}