{"id":3544,"__str__":"Projeto de Lei Ordin\u00e1ria n\u00ba 18 de 2014","link_detail_backend":"/materia/3544","metadata":{},"numero":18,"ano":2014,"numero_protocolo":null,"data_apresentacao":"2014-05-13","tipo_apresentacao":"","data_publicacao":null,"numero_origem_externa":"","ano_origem_externa":null,"data_origem_externa":null,"apelido":"","dias_prazo":null,"data_fim_prazo":null,"em_tramitacao":true,"polemica":null,"objeto":"","complementar":null,"ementa":"DESAFETA DE USO P\u00daBLICO AS RUAS, PRA\u00c7AS, \u00c1REAS P\u00daBLICAS, \u00c1REAS DE PRESERVA\u00c7\u00c3O PERMANENTE E \u00c1REAS DE RESERVA LEGAL SITUADAS NO LOTEAMENTO DENOMINADO RESIDENCIAL MAANAIM (SUBDIVIS\u00c3O DO LOTE A, RESULTANTE DA SUBDIVIS\u00c3O DOS LOTES 211, 217, 218 E 219 DA GLEBA RIBEIR\u00c3O CAFEZAL).","indexacao":"","observacao":"","resultado":"","texto_original":"http://sapl.cambe.pr.leg.br/media/sapl/public/materialegislativa/2014/3544/3544_texto_integral.pdf","data_ultima_atualizacao":"2018-08-23T11:57:56.359299-03:00","ip":"","ultima_edicao":null,"tipo":2,"regime_tramitacao":1,"tipo_origem_externa":null,"local_origem_externa":null,"user":null,"anexadas":[],"autores":[28]}