{"id":601,"__str__":"Parecer Jur\u00eddico - Parecer Jur\u00eddico de 19/08/2011 por Dr. Alceu","link_detail_backend":"/materia/documentoacessorio/601","metadata":{},"nome":"Parecer Jur\u00eddico","data":"2011-08-19","autor":"Dr. Alceu","ementa":"Projeto de Resolu\u00e7\u00e3o n\u00ba 07/2.010. Disp\u00f5e sobre a concess\u00e3o da comenda \u201cGr\u00e3o de Caf\u00e9\u201d. ","indexacao":"","arquivo":"http://sapl.cambe.pr.leg.br/media/sapl/public/documentoacessorio/2011/601/601.doc","data_ultima_atualizacao":"2019-05-24T05:26:35.648072-03:00","materia":1469,"tipo":3}