{"id":577,"__str__":"Parecer Jur\u00eddico - Parecer Jur\u00eddico de 04/08/2011 por Dr. Alceu","link_detail_backend":"/materia/documentoacessorio/577","metadata":{},"nome":"Parecer Jur\u00eddico","data":"2011-08-04","autor":"Dr. Alceu","ementa":"PROJETO DE LEI N\u00ba 50/2011. INSTITUI O DIA DO PASTOR EVANG\u00c9LICO NO MUNIC\u00cdPIO DE CAMB\u00c9.","indexacao":"","arquivo":"http://sapl.cambe.pr.leg.br/media/sapl/public/documentoacessorio/2011/577/577.doc","data_ultima_atualizacao":"2019-05-24T05:26:36.276781-03:00","materia":1515,"tipo":3}